{"id":148,"date":"2018-12-15T23:21:50","date_gmt":"2018-12-15T22:21:50","guid":{"rendered":"http:\/\/www.avc-skovgaard.dk\/?p=148"},"modified":"2018-12-15T23:21:50","modified_gmt":"2018-12-15T22:21:50","slug":"ungdomsfest","status":"publish","type":"post","link":"https:\/\/www.avc-skovgaard.dk\/?p=148","title":{"rendered":"Ungdomsfest"},"content":{"rendered":"\n<p>F\u00f8rste gang vi blev kontaktede vedr\u00f8rende en ungdomsfest, s\u00e5 var det overhovedet ikke noget vi havde taget stilling til. Reelt blev vi lidt overraskede over, at blive spurgt om vi tillod ungdomsfest.&nbsp;En fest er vel en fest. <\/p>\n\n\n\n<p>Efter at have oplevet nogle stykker, s\u00e5 forst\u00e5r vi nu hvorfor sp\u00f8rgsm\u00e5let blev stillet. For det f\u00f8rste, s\u00e5 bliver der medbragt lydudstyr, som med 100% sikkerhed er til skade for h\u00f8relsen. Dern\u00e6st bliver der medbragt lysshow, som kan ses adskillige kilometer v\u00e6k. Men den st\u00f8rste st\u00f8jkilde er nu de unge selv. Specielt fordi de ikke kan finde ud af, hvor festen foreg\u00e5r&#8230;. Eller ogs\u00e5 fordi de reelt ikke kan opholde sig i festlokalet pga. lydniveauet.<\/p>\n\n\n\n<p>V\u00e6rst er nu trafikken. Det er ikke lige s\u00e5dan at de kan finde ud af, at kommer p\u00e5 en gang og blive til festen er slut. Nej, der er en konstant trafik af biler med unge p\u00e5 vej til fest eller p\u00e5 vej fra fest.<\/p>\n\n\n\n<p>Vi har et godt festlokale, hvor det faktisk er muligt at holde en fest uden at genere alt for mange, hvis ellers man blot holder sig til den side hvor parkeringen er&#8230;&#8230;&#8230;<\/p>\n\n\n\n<p>OK, den historie blev lidt lang. Budskabet er egentlig blot. Ikke flere ungdomsfester. Eller sagt p\u00e5 anden vis. Ingen bookning af fester af personer under 25.<\/p>\n","protected":false},"excerpt":{"rendered":"<p>F\u00f8rste gang vi blev kontaktede vedr\u00f8rende en ungdomsfest, s\u00e5 var det overhovedet ikke noget vi havde taget stilling til. Reelt blev vi lidt overraskede over, at blive spurgt om vi tillod ungdomsfest.&nbsp;En fest er vel en fest. Efter at have oplevet nogle stykker, s\u00e5 forst\u00e5r vi nu hvorfor sp\u00f8rgsm\u00e5let blev stillet. For det f\u00f8rste, s\u00e5 &hellip; <a href=\"https:\/\/www.avc-skovgaard.dk\/?p=148\" class=\"more-link\">L\u00e6s videre<span class=\"screen-reader-text\"> &#8220;Ungdomsfest&#8221;<\/span><\/a><\/p>\n","protected":false},"author":3,"featured_media":0,"comment_status":"open","ping_status":"open","sticky":false,"template":"","format":"standard","meta":{"footnotes":""},"categories":[1],"tags":[],"class_list":["post-148","post","type-post","status-publish","format-standard","hentry","category-ikke-kategoriseret"],"_links":{"self":[{"href":"https:\/\/www.avc-skovgaard.dk\/index.php?rest_route=\/wp\/v2\/posts\/148","targetHints":{"allow":["GET"]}}],"collection":[{"href":"https:\/\/www.avc-skovgaard.dk\/index.php?rest_route=\/wp\/v2\/posts"}],"about":[{"href":"https:\/\/www.avc-skovgaard.dk\/index.php?rest_route=\/wp\/v2\/types\/post"}],"author":[{"embeddable":true,"href":"https:\/\/www.avc-skovgaard.dk\/index.php?rest_route=\/wp\/v2\/users\/3"}],"replies":[{"embeddable":true,"href":"https:\/\/www.avc-skovgaard.dk\/index.php?rest_route=%2Fwp%2Fv2%2Fcomments&post=148"}],"version-history":[{"count":1,"href":"https:\/\/www.avc-skovgaard.dk\/index.php?rest_route=\/wp\/v2\/posts\/148\/revisions"}],"predecessor-version":[{"id":149,"href":"https:\/\/www.avc-skovgaard.dk\/index.php?rest_route=\/wp\/v2\/posts\/148\/revisions\/149"}],"wp:attachment":[{"href":"https:\/\/www.avc-skovgaard.dk\/index.php?rest_route=%2Fwp%2Fv2%2Fmedia&parent=148"}],"wp:term":[{"taxonomy":"category","embeddable":true,"href":"https:\/\/www.avc-skovgaard.dk\/index.php?rest_route=%2Fwp%2Fv2%2Fcategories&post=148"},{"taxonomy":"post_tag","embeddable":true,"href":"https:\/\/www.avc-skovgaard.dk\/index.php?rest_route=%2Fwp%2Fv2%2Ftags&post=148"}],"curies":[{"name":"wp","href":"https:\/\/api.w.org\/{rel}","templated":true}]}}